{"id":762,"date":"2019-01-04T15:15:56","date_gmt":"2019-01-04T14:15:56","guid":{"rendered":"http:\/\/marenla.fr\/?p=762"},"modified":"2019-01-04T15:15:56","modified_gmt":"2019-01-04T14:15:56","slug":"bulletin-n-31","status":"publish","type":"post","link":"http:\/\/marenla.fr\/index.php\/2019\/01\/04\/bulletin-n-31\/","title":{"rendered":"BULLETIN N\u00b0 31"},"content":{"rendered":"<p><strong>R\u00e9union du Conseil Municipal<\/strong><\/p>\n<p><strong>Vendredi 30 mars et 13 Avril \u00a02018 \u00e0 19 h 30<\/strong><\/p>\n<p><strong>\u00a0<\/strong><\/p>\n<p><strong>\u00a0<\/strong><\/p>\n<p><strong>\u00a0\u00a0\u00a0\u00a0\u00a0\u00a0\u00a0\u00a0 <\/strong><\/p>\n<p><em>\u00a0\u00a0\u00a0\u00a0\u00a0\u00a0\u00a0\u00a0\u00a0\u00a0\u00a0 L\u2019an deux mille dix-huit, le 30 mars \u00e0 19h30 le Conseil Municipal s\u2019est r\u00e9uni au lieu ordinaire de ses s\u00e9ances, \u00e0 la Mairie, sous la pr\u00e9sidence de Monsieur Pascal POCHOLLE, Maire, en suite de convocations en date du 23 mars2018, dont un exemplaire a \u00e9t\u00e9 affich\u00e9 \u00e0 la porte de la mairie.<\/em><\/p>\n<p><em>\u00a0\u00a0\u00a0\u00a0\u00a0\u00a0\u00a0 Etaient pr\u00e9sents tous les membres en exercice, <\/em><\/p>\n<p><em>A l\u2019exception de Lambert Jean Claude<\/em><\/p>\n<p>&nbsp;<\/p>\n<p><em>Fran\u00e7ois BOUCART est \u00e9lu secr\u00e9taire de s\u00e9ance.<\/em><\/p>\n<p>&nbsp;<\/p>\n<p>&nbsp;<\/p>\n<p><strong>Achat de chaises et barri\u00e8res de s\u00e9curit\u00e9<\/strong><\/p>\n<p>Le Conseil Municipal a d\u00e9cid\u00e9 l\u2019achat de 54 chaises pour la salle communale et de 10 barri\u00e8res de s\u00e9curit\u00e9.<\/p>\n<p>&nbsp;<\/p>\n<p><strong>D\u00e9veloppement de l&rsquo;administration \u00e9lectronique<\/strong><\/p>\n<p><strong>\u00a0<\/strong><\/p>\n<p>Le conseil municipal, apr\u00e8s en avoir d\u00e9lib\u00e9r\u00e9, a d\u00e9cid\u00e9 de proc\u00e9der \u00e0 la t\u00e9l\u00e9transmission des actes r\u00e9glementaires et des actes budg\u00e9taires soumis au contr\u00f4le de l\u00e9galit\u00e9, Par cons\u00e9quent de conclure une convention de mise en \u0153uvre de la T\u00e9l\u00e9transmission avec le Pr\u00e9fet du Pas-de-Calais, repr\u00e9sentant l&rsquo;Etat \u00e0 cet effet. Le Conseil a choisi le dispositif module IXACTES et de conclure \u00e0 cet effet une convention de mise en \u0153uvre de la t\u00e9l\u00e9transmission des actes au contr\u00f4le de l\u00e9galit\u00e9 via la plateforme SRCI<\/p>\n<p>&nbsp;<\/p>\n<p><strong>Construction de deux maisons \u00e0 usage locatif\u00a0:<\/strong><\/p>\n<p><strong>\u00a0<\/strong><\/p>\n<p>Monsieur le Maire pr\u00e9sente le projet de construction de deux maison \u00e0 usages locatif par un ma\u00eetre d\u2019\u0153uvre (une construction d\u2019environ 208 900 Euros HT, correspondant \u00e0 l\u2019architecture local, \u00e0 \u00e9tage avec garage, 3 chambres, briques creuses avec cr\u00e9pi, pannes terre cuite et chauffage \u00e9lectrique), sur les terrains communaux de droit priv\u00e9, soit le lot num\u00e9ro 4.<\/p>\n<p>&nbsp;<\/p>\n<p>Apr\u00e8s d\u00e9lib\u00e9ration, le Conseil Municipal \u00e0 l\u2019unanimit\u00e9, d\u00e9cide de mener \u00e0 bien le projet.<\/p>\n<p><strong>\u00a0<\/strong><\/p>\n<p><strong>Cr\u00e9ation d\u2019une commission des f\u00eates<\/strong><\/p>\n<p><strong>\u00a0<\/strong><\/p>\n<p>Monsieur le Maire informe le Conseil de la dissolution en date du 26 mars 2018, du Comit\u00e9 des f\u00eates de Marenla, et dit qu\u2019il est n\u00e9cessaire, \u00e0 la vie de la Commune de cr\u00e9er une Commission des f\u00eates, ayant pour but l\u2019organisation et l\u2019animation\u00a0 des f\u00eates du village. Monsieur le Maire ajoute que les membres du comit\u00e9 des f\u00eates ont d\u00e9cid\u00e9 de reverser int\u00e9gralement les fonds de l\u2019association \u00e0 la Commune, et ainsi que les biens.<\/p>\n<p>C\u2019est donc la Commune d\u00e9sormais qui aura la charge de l\u2019animation des f\u00eates et c\u00e9r\u00e9monies du village.<\/p>\n<p>Le Conseil a \u00e9galement choisi de cr\u00e9er une r\u00e9gie de recette, pour faciliter les rentr\u00e9es d\u2019argent occasionn\u00e9es par les f\u00eates.<\/p>\n<p><strong>\u00a0<\/strong><\/p>\n<p><strong>R\u00e9it\u00e9ration de la d\u00e9lib\u00e9ration du 20 f\u00e9vrier 2009 \u00ab\u00a0<\/strong><em>d\u00e9nomination rue de Beaurainville\u00a0\u00bb<\/em><\/p>\n<p><em>\u00a0<\/em><\/p>\n<p>Monsieur le Maire informe les\u00a0 membres du Conseil de la n\u00e9cessit\u00e9 de r\u00e9it\u00e9r\u00e9 la d\u00e9lib\u00e9ration de d\u00e9nomination de la rue\u00a0 Beaurainville car sur le cadastre certaines maisons sont situ\u00e9es rue principale, d\u2019autre rue de Beaurainville, afin de pr\u00e9venir le cadastre et les secours.<\/p>\n<p>&nbsp;<\/p>\n<p><strong>Goudronnage Mont Aubert <\/strong><\/p>\n<p><strong>\u00a0<\/strong><\/p>\n<p>Vu la n\u00e9cessit\u00e9 de goudronner, pour l\u2019entretient le Mont Aubert, afin que les usagers puissent y circuler librement, Le Conseil d\u00e9cide \u00e0 la majorit\u00e9 de mener \u00e0 bien le projet, en contrepartie de quoi les usagers devront respecter la chauss\u00e9e et les foss\u00e9s.<\/p>\n<p>&nbsp;<\/p>\n<p><strong>Bureau de l\u2019A.F.R de Marenla.<\/strong><\/p>\n<p><strong>\u00a0<\/strong><\/p>\n<p>Le Conseil Municipal doit d\u00e9signer pour six ann\u00e9es, quatre membres propri\u00e9taires (exploitants ou non) de parcelles incluses dans le p\u00e9rim\u00e8tre de remembrement,<\/p>\n<p>&nbsp;<\/p>\n<p>Le Conseil Municipal a d\u00e9sign\u00e9 Messieurs\u00a0:<\/p>\n<p>&nbsp;<\/p>\n<ul>\n<li>THERRY Luc<\/li>\n<li>DOUCHET Maxime<\/li>\n<li>FOURDINIER Yves<\/li>\n<li>POCHOLLE Nicolas<\/li>\n<\/ul>\n<p>&nbsp;<\/p>\n<p><em>L\u2019an deux mille dix-huit, le 13 avril \u00e0 19h30 le Conseil Municipal s\u2019est r\u00e9uni au lieu ordinaire de ses s\u00e9ances, \u00e0 la Mairie, sous la pr\u00e9sidence de Monsieur Pascal POCHOLLE, Maire, en suite de convocations en date du 10 avril 2018, dont un exemplaire a \u00e9t\u00e9 affich\u00e9 \u00e0 la porte de la mairie.<\/em><\/p>\n<p><em>\u00a0\u00a0\u00a0\u00a0\u00a0\u00a0\u00a0\u00a0\u00a0\u00a0\u00a0 Etaient pr\u00e9sents tous les membres en exercice, <\/em><\/p>\n<p><em>A l\u2019exception de Jos\u00e9 Menuge et Jean Charles Legrand procuration \u00e0 Guillaume Verjoet<\/em><\/p>\n<p><strong>Compte administratif et compte de gestion\u00a0 2017.<\/strong><\/p>\n<p>Monsieur Barras prend la pr\u00e9sidence sur demande du Conseil pour la pr\u00e9sentation du Compte administratif\u00a0:<\/p>\n<p>Apr\u00e8s en avoir expos\u00e9 les d\u00e9penses et les recettes 2017 en fonctionnement et en investissement, Monsieur le Maire quitte la pi\u00e8ce, Monsieur le Pr\u00e9sident demande au Conseil d\u00e9lib\u00e9rant de prendre position sur le Compte administratif.<\/p>\n<table>\n<tbody>\n<tr>\n<td width=\"139\">&nbsp;<\/td>\n<td width=\"187\">Recettes<\/td>\n<td width=\"167\">D\u00e9penses<\/td>\n<td width=\"171\">Cl\u00f4ture 2015<\/td>\n<\/tr>\n<tr>\n<td width=\"139\">INVESTISSEMENT<\/td>\n<td width=\"187\">116\u00a0387.70 \u20ac<\/td>\n<td width=\"167\">114\u00a0981.15 \u20ac<\/td>\n<td width=\"171\">+ 1\u00a0406.55 \u20ac<\/td>\n<\/tr>\n<tr>\n<td width=\"139\">FONCTIONNEMENT<\/td>\n<td width=\"187\">145\u00a0395.61 \u20ac<\/td>\n<td width=\"167\">195\u00a0447.66 \u20ac<\/td>\n<td width=\"171\">+50\u00a0052.05 \u20ac<\/td>\n<\/tr>\n<tr>\n<td width=\"139\">Total exc\u00e9dent<\/td>\n<td width=\"187\">&nbsp;<\/td>\n<td width=\"167\">&nbsp;<\/td>\n<td width=\"171\">+ 51\u00a0458.60 \u20ac<\/td>\n<\/tr>\n<\/tbody>\n<\/table>\n<p>&nbsp;<\/p>\n<p>Apr\u00e8s en avoir d\u00e9lib\u00e9r\u00e9, le Conseil Municipal d\u00e9cide, \u00e0 la majorit\u00e9 des voix d\u00e9lib\u00e9rantes :<\/p>\n<p>Approuve le Compte administratif 2017. 8 pour\u00a0; 1 abstention<\/p>\n<p><strong>Budget Primitif 2018<\/strong><\/p>\n<p>Monsieur Le Maire expose au conseil les d\u00e9penses et recette potentiel de l\u2019ann\u00e9e 2018<\/p>\n<table width=\"668\">\n<tbody>\n<tr>\n<td width=\"139\">&nbsp;<\/td>\n<td width=\"255\">Recettes<\/td>\n<td width=\"274\">D\u00e9penses<\/td>\n<\/tr>\n<tr>\n<td width=\"139\">INVESTISSEMENT<\/td>\n<td width=\"255\"><strong>\u00a0197\u00a0275.44 \u20ac<\/strong><\/td>\n<td width=\"274\"><strong>197\u00a0275.44 \u20ac<\/strong><\/td>\n<\/tr>\n<tr>\n<td width=\"139\">FONCTIONNEMENT<\/td>\n<td width=\"255\"><strong>\u00a0172\u00a0732.91 \u20ac<\/strong><\/td>\n<td width=\"274\"><strong>172\u00a0732.91 \u20ac<\/strong><\/td>\n<\/tr>\n<\/tbody>\n<\/table>\n<p><u>\u00a0<\/u><\/p>\n<p>Apr\u00e8s en avoir d\u00e9lib\u00e9r\u00e9, le Conseil Municipal d\u00e9cide, \u00e0 la majorit\u00e9 des voix d\u00e9lib\u00e9rantes :<\/p>\n<p>Approuve le Budget Primitif 2018, 8 pour\u00a0; 1 abstention<\/p>\n<p><strong>Taxes directes locales<\/strong><\/p>\n<p>Monsieur le Maire informe le Conseil qu\u2019il a la t\u00e2che, de modifier ou non les taux d\u2019impositions pour les taxes directes Locales 2018, et sugg\u00e8re de ne pas augmenter lesdites taxes.<\/p>\n<p>&nbsp;<\/p>\n<p>L\u2019Assembl\u00e9e, apr\u00e8s avoir d\u00e9lib\u00e9r\u00e9 sur le taux d\u2019imposition applicable \u00e0 chacune des taxes directes locales :<\/p>\n<p>&nbsp;<\/p>\n<p>D\u00e9cide, \u00e0 l\u2019unanimit\u00e9, de conserver les taux suivants pour l\u2019ann\u00e9e 2018 :<\/p>\n<p>&nbsp;<\/p>\n<p>&#8211; taux de la TAXE D\u2019HABITATION :\u00a0\u00a0\u00a0\u00a0\u00a0\u00a0\u00a0\u00a0\u00a0\u00a0\u00a0\u00a0\u00a0\u00a0\u00a0\u00a0\u00a0\u00a0\u00a0\u00a0\u00a0\u00a0\u00a0\u00a0\u00a0\u00a0\u00a0\u00a0\u00a0\u00a0\u00a0\u00a0\u00a0\u00a0\u00a0 10,77\u00a0 %<\/p>\n<p>&nbsp;<\/p>\n<p>&#8211; taux de la TAXE SUR LE FONCIER BATI :\u00a0\u00a0\u00a0\u00a0\u00a0\u00a0\u00a0\u00a0\u00a0\u00a0\u00a0\u00a0\u00a0\u00a0\u00a0\u00a0\u00a0\u00a0\u00a0\u00a0\u00a0\u00a0 14,45\u00a0 %<\/p>\n<p>&nbsp;<\/p>\n<p>&#8211; taux de la TAXE SUR LE FONCIER NON-BATI :\u00a0\u00a0\u00a0\u00a0\u00a0\u00a0\u00a0\u00a0\u00a0\u00a0\u00a0\u00a0\u00a0 42,63\u00a0 %<\/p>\n<p><u>\u00a0<\/u><\/p>\n<p>Monsieur le Maire rappelle que les personnes qui souhaitent consulter toutes lignes du budget pourront le faire, il est \u00e0 leur disposition en Mairie.<\/p>\n<p>&nbsp;<\/p>\n<p><strong>Recrutement d\u2019un agent contractuel de remplacement<\/strong><\/p>\n<p><strong>\u00a0<\/strong><\/p>\n<p>L\u2019agent technique de la Commune sera remplac\u00e9, pendant la dur\u00e9e de son absence.<\/p>\n<p>&nbsp;<\/p>\n<p><strong>DIVERS<\/strong><\/p>\n<p>&nbsp;<\/p>\n<p><strong><u>La ferme des Dames\u00a0:<\/u><\/strong> la ferme des Dames a \u00e9t\u00e9 saisie et propos\u00e9e \u00e0 l\u2019achat \u00e0 la commune, monsieur le Maire informe de l\u2019Etat g\u00e9n\u00e9rale catastrophique du b\u00e2timent, la ferme des dames ne sera pas achet\u00e9e par la Commune.<\/p>\n<p>&nbsp;<\/p>\n<p><strong><u>La porte de la Mairie\u00a0:<\/u><\/strong> La nouvelle porte de la Mairie pour l\u2019accessibilit\u00e9 au PMR est install\u00e9e.<\/p>\n<p>&nbsp;<\/p>\n<p><strong><u>Plateforme \u00e9glise\u00a0: <\/u><\/strong>en attente de l\u2019entreprise Peuvion pour la r\u00e9alisation prochaine.<\/p>\n<p>&nbsp;<\/p>\n<p><strong><u>Mur de l\u2019\u00e9glise\u00a0: <\/u><\/strong>Monsieur le Maire informe le conseil de son intention de faire appel \u00e0 l\u2019association Cipr\u00e9s, pour 200 heures afin de poursuivre la r\u00e9novation du mur de l\u2019\u00e9glise.<\/p>\n<p>&nbsp;<\/p>\n<p><strong><u>Travaux rue du Marais\u00a0<\/u><\/strong>: La fin des travaux sera r\u00e9alis\u00e9 lorsque les futures propri\u00e9taires auront cr\u00e9\u00e9 leur raccordement aux r\u00e9seaux, afin d\u2019\u00e9viter de reprendre les saign\u00e9s qui qu\u2019engendreront les raccordements. L\u2019extension du r\u00e9seau d\u2019eau est pr\u00e9vue en avril prochain.<\/p>\n<p>&nbsp;<\/p>\n<p><strong><u>Achat des lots\u00a0: <\/u><\/strong>deux permis de construire sur trois ont \u00e9t\u00e9 d\u00e9pos\u00e9s, la validation sera effective dans trois mois, et conclura la vente des terrains.<\/p>\n<p><strong><u>\u00a0<\/u><\/strong><\/p>\n<p><strong><u>Borduration rue Principale<\/u><\/strong>\u00a0: la Commune est en attente des notifications des subventions de la DETR et du Farda pour la r\u00e9alisation.<\/p>\n<p>&nbsp;<\/p>\n<p><strong><u>Tar \u00e0 froid sur les nids de poules\u00a0:<\/u><\/strong> Monsieur le Maire informe le Conseil que la commune a l\u2019intention comme chaque ann\u00e9e de r\u00e9parer les nids de poules dans la chauss\u00e9e au tar \u00e0 froid.<\/p>\n<p>&nbsp;<\/p>\n<p><strong><u>Ancienne D\u00e9charge et biens sans ma\u00eetres acquis par la Commune\u00a0<\/u><\/strong>: suite \u00e0 la visite des terrains acquis et de la d\u00e9charge par les Conseillers, la commune \u00e0 l\u2019intention de faire un nivelage de la creuse et finir de reboiser la parcelle de la d\u00e9charge, de donner les 10 st\u00e8res de bois gracieusement avec une coupe d\u2019\u00e9t\u00e9 autoris\u00e9e,\u00a0 en contrepartie d\u2019un nettoyage partiel de la parcelle au bois\u00a0 charrette, s\u2019il y a un amateur qu\u2019il se fasse connaitre.<\/p>\n<p><strong><u>\u00a0<\/u><\/strong><\/p>\n<p><strong><u>Am\u00e9lioration du parking de la Mairie\u00a0:<\/u><\/strong> Monsieur le Maire pr\u00e9sente au Conseil les plans de la possible r\u00e9alisation d\u2019un parking \u00e0 la Mairie \u00e9tudi\u00e9 et chiffr\u00e9 par Le Fran\u00e7ois TP, des travaux qui pourraient avoir lieux en 2019 selon les subventions obtenues.<\/p>\n<p>&nbsp;<\/p>\n<p><strong><u>La journ\u00e9e d\u2019action pour un village propre.<\/u><\/strong><\/p>\n<p>Une fois de Plus Monsieur le Maire tient \u00e0 remercier tous les habitants du village qui ont particip\u00e9s au nettoyage de Marenla.<\/p>\n<p>&nbsp;<\/p>\n<p>&nbsp;<\/p>\n<p>&nbsp;<\/p>\n<p><strong><u>Communiqu\u00e9 du Maire<\/u><\/strong><\/p>\n<p><strong><u>\u00a0<\/u><\/strong><\/p>\n<p><strong><u>\u00a0<\/u><\/strong><\/p>\n<p>Mesdames, Mesdemoiselles, Messieurs, Chers Amis,<\/p>\n<p>&nbsp;<\/p>\n<p>&nbsp;<\/p>\n<p>Je tenais \u00e0 vous apporter quelques informations suite \u00e0 la dissolution du Comit\u00e9 des f\u00eates et son remplacement par une Commission des F\u00eates, g\u00e9r\u00e9e en r\u00e9gie \u00ab\u00a0par la Commune\u00a0\u00bb.<\/p>\n<p><strong><u>\u00a0<\/u><\/strong><\/p>\n<p>D\u2019abord je remercierai toutes les personnes qui se sont investies b\u00e9n\u00e9volement dans le Comit\u00e9 des f\u00eates depuis sa cr\u00e9ation, soit plus de 25 ans, \u00a0sous l\u2019impulsion de Monsieur Secr\u00e9tin.<\/p>\n<p>&nbsp;<\/p>\n<p>Le Conseil a le devoir de maintenir des festivit\u00e9s sur la Commune. Je pense au 14 juillet f\u00eate nationale. \u00ab\u00a0L\u2019abolition des privil\u00e8ges, le peuple Fran\u00e7ais se lib\u00e9re, on ne peut oublier\u00a0! F\u00eatons ensemble ce moment de notre histoire \u2026<\/p>\n<p>&nbsp;<\/p>\n<p>Notre traditionnelle ducasse\u2026 f\u00eate du village, depuis des temps\u2026 qu\u2019il nous faut maintenir\u00a0!<\/p>\n<p>Les f\u00eates de P\u00e2ques pour nos enfants, la f\u00eate des mamans, celles de l\u2019ann\u00e9e et toutes les autres. Le no\u00ebl des enfants si bien r\u00e9ussi en 2017\u00a0!\u00a0 Une balade nature (parcours du c\u0153ur et pourquoi pas en p\u00e9riode hivernale un weekend. organiser diff\u00e9rents jeux, une tombola \u2026, la ventes de cr\u00eapes.<\/p>\n<p>&nbsp;<\/p>\n<p>Bien s\u00fbr, nous esp\u00e9rons faire quelques b\u00e9n\u00e9fices, pour ne pas entacher trop le budget communal et surtout maintenir ce qui a \u00e9t\u00e9 entrepris \u00a0autrefois pour nos enfants.<\/p>\n<p>&nbsp;<\/p>\n<p>J\u2019esp\u00e8re \u00a0votre participation \u00e0 l\u2019une ou l\u2019autre de nos festivit\u00e9s, \u00e0 l\u2019avance je vous en remercie.<\/p>\n<p>&nbsp;<\/p>\n<p>Les membres du Conseil Municipal ayant r\u00e9pondu pr\u00e9sent \u00e0 cette commission des f\u00eates\u00a0:<\/p>\n<ol>\n<li>Handouche Jean Claude, M. Briois Dominique, M. Dervaux Bruno, Mme Devriendt Martine, M. Barras Ren\u00e9, M. Pascal Pocholle.<\/li>\n<\/ol>\n<p>&nbsp;<\/p>\n<p>Cette commission est ouverte aux b\u00e9n\u00e9voles\u2026\u00a0\u00a0 J\u2019attends vos inscriptions en mairie pour le 15 Mai.<\/p>\n<p>&nbsp;<\/p>\n<p>&nbsp;<\/p>\n<p>Les r\u00e8gles de cette commission sont simples, chacun s\u2019acquitte des frais lui encombrant \u00e0 chaque festivit\u00e9, c\u2019est aussi cela \u00eatre b\u00e9n\u00e9vole.<\/p>\n<p>&nbsp;<\/p>\n<p>Mais aussi dans la clart\u00e9 les membres de la commission se retrouveront en fin d\u2019ann\u00e9e autour d\u2019une table pour une r\u00e9compense bien justifi\u00e9e.<\/p>\n<p>&nbsp;<\/p>\n<p>Je me devais de vous apporter ces informations\u00a0!<\/p>\n<p>&nbsp;<\/p>\n<p>&nbsp;<\/p>\n<p>Avec\u00a0 le d\u00e9vouement et l\u2019attachement de cette commission de faire vivre notre belle commune.<\/p>\n<p>Recevez Mesdames, Mesdemoiselles, Messieurs.<\/p>\n<p>Mes meilleures salutations.<\/p>\n<p>&nbsp;<\/p>\n<p>&nbsp;<\/p>\n<p>&nbsp;<\/p>\n<p>&nbsp;<\/p>\n<p>&nbsp;<\/p>\n<p>Le Maire,<\/p>\n<p>Pascal Pocholle<\/p>\n","protected":false},"excerpt":{"rendered":"<p>R\u00e9union du Conseil Municipal Vendredi 30 mars et 13 Avril \u00a02018 \u00e0 19 h 30 \u00a0 \u00a0 \u00a0\u00a0\u00a0\u00a0\u00a0\u00a0\u00a0\u00a0 \u00a0\u00a0\u00a0\u00a0\u00a0\u00a0\u00a0\u00a0\u00a0\u00a0\u00a0 L\u2019an deux mille dix-huit, le 30 mars \u00e0 19h30 le Conseil Municipal s\u2019est r\u00e9uni au lieu ordinaire de ses s\u00e9ances, \u00e0 la Mairie, sous la pr\u00e9sidence de Monsieur Pascal POCHOLLE, Maire,&#8230;<\/p>\n","protected":false},"author":1,"featured_media":0,"comment_status":"open","ping_status":"open","sticky":false,"template":"","format":"standard","meta":[],"categories":[6],"tags":[],"_links":{"self":[{"href":"http:\/\/marenla.fr\/index.php\/wp-json\/wp\/v2\/posts\/762"}],"collection":[{"href":"http:\/\/marenla.fr\/index.php\/wp-json\/wp\/v2\/posts"}],"about":[{"href":"http:\/\/marenla.fr\/index.php\/wp-json\/wp\/v2\/types\/post"}],"author":[{"embeddable":true,"href":"http:\/\/marenla.fr\/index.php\/wp-json\/wp\/v2\/users\/1"}],"replies":[{"embeddable":true,"href":"http:\/\/marenla.fr\/index.php\/wp-json\/wp\/v2\/comments?post=762"}],"version-history":[{"count":1,"href":"http:\/\/marenla.fr\/index.php\/wp-json\/wp\/v2\/posts\/762\/revisions"}],"predecessor-version":[{"id":763,"href":"http:\/\/marenla.fr\/index.php\/wp-json\/wp\/v2\/posts\/762\/revisions\/763"}],"wp:attachment":[{"href":"http:\/\/marenla.fr\/index.php\/wp-json\/wp\/v2\/media?parent=762"}],"wp:term":[{"taxonomy":"category","embeddable":true,"href":"http:\/\/marenla.fr\/index.php\/wp-json\/wp\/v2\/categories?post=762"},{"taxonomy":"post_tag","embeddable":true,"href":"http:\/\/marenla.fr\/index.php\/wp-json\/wp\/v2\/tags?post=762"}],"curies":[{"name":"wp","href":"https:\/\/api.w.org\/{rel}","templated":true}]}}