{"id":603,"date":"2018-03-30T15:49:39","date_gmt":"2018-03-30T13:49:39","guid":{"rendered":"http:\/\/marenla.fr\/?p=603"},"modified":"2018-03-30T15:49:44","modified_gmt":"2018-03-30T13:49:44","slug":"bulletin-n30","status":"publish","type":"post","link":"http:\/\/marenla.fr\/index.php\/2018\/03\/30\/bulletin-n30\/","title":{"rendered":"bulletin n\u00b030"},"content":{"rendered":"<p><strong>R\u00e9union du Conseil Municipal<\/strong><\/p>\n<p><strong>Vendredi 16 et 23 f\u00e9vrier \u00a02018 \u00e0 19 h 30<\/strong><\/p>\n<p><strong>\u00a0<\/strong><\/p>\n<p><strong>\u00a0<\/strong><\/p>\n<p><strong>\u00a0\u00a0\u00a0\u00a0\u00a0\u00a0\u00a0\u00a0 <\/strong><\/p>\n<p>L\u2019an deux mille dix-huit, le seize f\u00e9vrier \u00e0 19h30 le Conseil Municipal s\u2019est r\u00e9uni au lieu ordinaire de ses s\u00e9ances, \u00e0 la Mairie, sous la pr\u00e9sidence de Monsieur Pascal POCHOLLE, Maire, en suite de convocations en date du 09.02.2018, dont un exemplaire a \u00e9t\u00e9 affich\u00e9 \u00e0 la porte de la mairie.<\/p>\n<p>\u00c9taient pr\u00e9sents tous les membres en exercice,<\/p>\n<p>&nbsp;<\/p>\n<p>&nbsp;<\/p>\n<p><strong>Validation extension du r\u00e9seau d\u2019eau potable rue du Marais\u00a0 <\/strong><\/p>\n<p>&nbsp;<\/p>\n<p>Monsieur le Maire explique\u00a0 que sans cette extension il ne sera pas possible, de valider les futurs permis de construire sur les terrains sous compromis, sous forme de lots, et rappelle aux membres, qu\u2019il est impossible de construire sur un des terrains du lot sans que tous ne soit raccordable aux diff\u00e9rents r\u00e9seaux. Ainsi la vente desdits terrains ne sera effective que lorsque les permis de construire seront valid\u00e9s.<\/p>\n<p>Monsieur le Maire pr\u00e9sente le Devis du Sivu Bois Machy , qui serait r\u00e9alis\u00e9 en avril 2018, pour un cout total de 3737.92 \u20ac TTC.<\/p>\n<p>&nbsp;<\/p>\n<p>Apr\u00e8s en avoir d\u00e9lib\u00e9r\u00e9 le Conseil \u00e0 l\u2019unanimit\u00e9, approuve le projet d\u2019extension ;<\/p>\n<p>&nbsp;<\/p>\n<p>&nbsp;<\/p>\n<p><strong>Signature d\u2019une convention avec le Centre de Gestion du Pas-de-Calais pour la mise \u00e0 disposition de ses agents du service de Sant\u00e9 et S\u00e9curit\u00e9 au Travail<\/strong><\/p>\n<p>Le Maire rappel :<\/p>\n<ul>\n<li>Les obligations en mati\u00e8re de sant\u00e9 et s\u00e9curit\u00e9 au travail, et notamment l\u2019article 5 du d\u00e9cret 85-603, faisant obligation \u00e0 chaque collectivit\u00e9 de nommer un agent charg\u00e9 d\u2019une fonction d\u2019inspection (ACFI)<\/li>\n<li>l\u2019avis favorable du Comit\u00e9 Technique en date du 31 avril 2012 pour recourir \u00e0 l\u2019ACFI du CdG62.<\/li>\n<li>que compte tenu des sp\u00e9cificit\u00e9s de la mission d\u2019inspection, cette derni\u00e8re ne peut \u00eatre exerc\u00e9e en interne<\/li>\n<li>qu\u2019il est n\u00e9cessaire pour la collectivit\u00e9 de pouvoir b\u00e9n\u00e9ficier de l\u2019assistance des conseillers de pr\u00e9vention du CdG62 dans la mise en \u0153uvre des diff\u00e9rentes actions en mati\u00e8re de sant\u00e9 et s\u00e9curit\u00e9 au travail.<\/li>\n<\/ul>\n<p>Apr\u00e8s en avoir d\u00e9lib\u00e9r\u00e9, le Conseil Municipal, d\u00e9cide d\u2019autoriser le Maire \u00e0 signer ladite convention et \u00e0 en faire appliquer autant que de besoins les missions<\/p>\n<p><strong>\u00a0<\/strong><\/p>\n<p><strong>Groupement de commande pour l\u2019achat ou la location avec option d\u2019achat et la maintenance de mat\u00e9riel bureautique (imprimantes et copieurs)<\/strong><\/p>\n<p>&nbsp;<\/p>\n<p>la Communaut\u00e9 de Communes et certaines de ses communes membres ont souhait\u00e9 mener une r\u00e9flexion sur les mat\u00e9riels d\u2019impression, plus pr\u00e9cis\u00e9ment sur l\u2019ad\u00e9quation entre les \u00e9quipements existants et les besoins des collectivit\u00e9s ainsi que sur la possibilit\u00e9 d\u2019optimiser l\u2019utilisation qui en est faite. L\u2019expertise r\u00e9alis\u00e9e a mis en \u00e9vidence une divergence d\u2019\u00e9quipements et de r\u00e9f\u00e9rences, un co\u00fbt important de la plateforme d\u2019impression et des possibilit\u00e9s d\u2019\u00e9conomies substantielles.<\/p>\n<p>La constitution d\u2019un groupement de commandes entre la Communaut\u00e9 de Communes et ses communes membres pour l\u2019achat ou la location avec option d\u2019achat et la maintenance du mat\u00e9riel bureautique serait de nature \u00e0 renforcer l\u2019efficience de la politique d\u2019achat de chacun des membres.<\/p>\n<p>Apr\u00e8s en avoir d\u00e9lib\u00e9r\u00e9 le Conseil d\u00e9cide d\u2019adh\u00e9rer au groupement de commande pour l\u2019achat ou la location avec option d\u2019achat et la maintenance de mat\u00e9riel bureautique (imprimantes et copieurs)<\/p>\n<p>&nbsp;<\/p>\n<p><strong>Achat d\u2019un ordinateur portable pour l\u2019\u00e9cole primaire<\/strong><\/p>\n<p><strong>\u00a0 <\/strong><\/p>\n<p>L\u2019institutrice de l\u2019\u00e9cole de Marenla, informe le Conseil qu\u2019il est n\u00e9cessaire d\u2019acqu\u00e9rir un ordinateur portable, afin que les \u00e9l\u00e8ves\u00a0 puissent suivre correctement leur cursus scolaire et le programme incluant pour ceux-ci l\u2019apprentissage de l\u2019outil informatique.<\/p>\n<p>Le Conseil \u00e0 l\u2019unanimit\u00e9 a d\u00e9cid\u00e9 de l\u2019achat d\u2019un pc portable avec un \u00e9cran de 17 pouces et charge Monsieur le Maire de l\u2019achat.<\/p>\n<p>&nbsp;<\/p>\n<p><strong>Distribution en eau potable :\u00a0 <\/strong><\/p>\n<p><strong>\u00a0<\/strong><\/p>\n<p>Monsieur le Maire rappelle au Conseil toutes les dispositions qui ont \u00e9taient prises, afin de palier \u00e0 l\u2019eau non potable d\u00e9livr\u00e9e \u00e0 Monsieur Fauvel au but de Marles\u00a0:<\/p>\n<p>&nbsp;<\/p>\n<p>Plusieurs correspondances depuis 2011 ont \u00e9taient envoy\u00e9es\u00a0 aux diff\u00e9rents syndicats des eaux, leur demandant d\u2019agir sur ce point, sans succ\u00e8s et pour la plus grande majorit\u00e9 sans r\u00e9ponses.<\/p>\n<p>&nbsp;<\/p>\n<p>Le Conseil a d\u00e9cid\u00e9 de prendre toutes les mesures n\u00e9cessaires \u00e0 sa disposition, afin que l\u2019eau potable soit en 2018 accessible \u00e0 tous les Marenlois, notamment au But de Marles.<\/p>\n<p>&nbsp;<\/p>\n<p><strong>DIVERS<\/strong><\/p>\n<p><strong>\u00a0<\/strong><\/p>\n<p><strong>Nettoyage Haut de France<\/strong> : Monsieur le Maire informe le Conseil que suite au succ\u00e8s de l\u2019ann\u00e9e pr\u00e9c\u00e9dente en termes de participation et de motivation des habitants de Marenla, la matin\u00e9e de nettoyage par les habitants de la commune sera reconduite en 2018, le rendez-vous est fix\u00e9 le 17 mars \u00e0 9h30, un pot de l\u2019amiti\u00e9 sera servi aux participants \u00e0 l\u2019issu de l\u2019action collective.<\/p>\n<p>&nbsp;<\/p>\n<p><strong>Eoliennes <\/strong>: Monsieur le Maire informe le Conseil que le projet d\u2019\u00e9oliennes sur la Commune n\u2019aboutira pas, en effet un exploitant agricole, et un propri\u00e9taire faisant parties des susceptibles refusent cat\u00e9goriquement l\u2019implantation et le passage du r\u00e9seau sur leurs terres ou les terres qu\u2019ils louent.<\/p>\n<p>&nbsp;<\/p>\n<p><strong>Routes <\/strong>: Monsieur le Maire rappelle\u00a0 au Conseil que suite aux constats r\u00e9p\u00e9t\u00e9s de routes laiss\u00e9es embou\u00e9es par les exploitants agricoles, il tient \u00e0 pr\u00e9ciser que ceux-ci sont responsables en cas d\u2019incidents et d\u2019accidents, qui surviendraient, s\u2019ils ne nettoient pas les routes des salissures caus\u00e9es par leur passages.<\/p>\n<p>&nbsp;<\/p>\n<p><strong>\u00a0R\u00e9union de travail :<\/strong> Monsieur le Maire informe le Conseil qu\u2019une r\u00e9union de travail aura lieu prochainement, un samedi apr\u00e8s-midi, avec un d\u00e9placement sur les diff\u00e9rents lieux o\u00f9 pourraient s\u2019effectuer diff\u00e9rents travaux de fin de mandat.<\/p>\n<p>&nbsp;<\/p>\n<p><strong>Biens sans ma\u00eetre :<\/strong> Monsieur le Maire informe le Conseil que les deux biens sans ma\u00eetre, avec des propri\u00e9taires connus\u00a0 d\u00e9c\u00e9d\u00e9s depuis plus de trente ans, sis ZH 62 et A 0139 font d\u00e9sormais partis des biens de la Commune, suite aux proc\u00e9dures et aux d\u00e9lais dont l\u2019\u00e9ch\u00e9ance s\u2019arr\u00eatait au 27 janvier 2018.<\/p>\n<p>&nbsp;<\/p>\n<p><strong>SYMCEA :<\/strong> (PAPI PPRI) : suite \u00e0 la r\u00e9union du SYMCEA \u00e0 laquelle Monsieur le Maire a assist\u00e9 r\u00e9cemment, Monsieur le Maire informe le Conseil que tr\u00e8s prochainement une nouvelle carte sera \u00e0 valid\u00e9e.<\/p>\n<p>Au niveau des risques d\u2019inondations tout doit \u00eatre fini dans les 6 ans \u00e0 venir pour la Canche et ses affluents.<\/p>\n<p>&nbsp;<\/p>\n<p><strong>R\u00e9partition des frais de direction du RPI<\/strong> : Monsieur le Maire prend lecture du courrier de Madame La Directrice du RPI, qui informe de la n\u00e9cessit\u00e9 d\u2019acheter un ordinateur pour la direction du RPI, et propose la r\u00e9partition des frais de fonctionnements \u00e9quivalent \u00e0 environ 1000\u20ac par an, ainsi que l\u2019achat de l\u2019ordinateur aux diff\u00e9rentes communes du RPI. Monsieur le Maire informe le Conseil qu\u2019il convoquera rapidement Messieurs les Maires du RPI.<\/p>\n<p>&nbsp;<\/p>\n<p>&nbsp;<\/p>\n<p>&nbsp;<\/p>\n<p>&nbsp;<\/p>\n<p>&nbsp;<\/p>\n<p>&nbsp;<\/p>\n<p>&nbsp;<\/p>\n<p>&nbsp;<\/p>\n<p>&nbsp;<\/p>\n<p>&nbsp;<\/p>\n<p>&nbsp;<\/p>\n<p>&nbsp;<\/p>\n<p>&nbsp;<\/p>\n<p>&nbsp;<\/p>\n<p>&nbsp;<\/p>\n<p>&nbsp;<\/p>\n<p>&nbsp;<\/p>\n<p>&nbsp;<\/p>\n<p>&nbsp;<\/p>\n<p>&nbsp;<\/p>\n<p>&nbsp;<\/p>\n<p>&nbsp;<\/p>\n<p>&nbsp;<\/p>\n<p>&nbsp;<\/p>\n<p>&nbsp;<\/p>\n<p>&nbsp;<\/p>\n<p>&nbsp;<\/p>\n<p>&nbsp;<\/p>\n<p>&nbsp;<\/p>\n<p>&nbsp;<\/p>\n<p><strong><u>Communiqu\u00e9 du Maire<\/u><\/strong><\/p>\n<p><strong><u>\u00a0<\/u><\/strong><\/p>\n<p><strong><u>\u00a0<\/u><\/strong><\/p>\n<p><strong><u>\u00a0<\/u><\/strong><\/p>\n<p><strong><u>\u00a0<\/u><\/strong><\/p>\n<p>JPEE, promoteur d\u2019un parc \u00e9olien sur notre Commune abandonne le projet.<\/p>\n<p>&nbsp;<\/p>\n<p>Un\u00a0 agriculteur y est fortement oppos\u00e9, ainsi que le plus gros propri\u00e9taire du foncier non b\u00e2ti de la Commune.<\/p>\n<p>La mise \u00e0 disposition n\u00e9cessaire de foncier n\u2019\u00e9tant pas suffisante le projet devient donc caduc.<\/p>\n<p>Nous aurions pu esp\u00e9rer une belle retomb\u00e9e \u00e9conomique pour Marenla avec un tel projet\u00a0!<\/p>\n<p>H\u00e9las d\u2019autres communes en profiteront, quel dommage de ne\u00a0 pas savoir se saisir d\u2019une telle opportunit\u00e9 lorsqu\u2019elle se pr\u00e9sente. M\u00eame nos chemins auraient \u00e9t\u00e9 relook\u00e9s.<\/p>\n<p>&nbsp;<\/p>\n<p>&nbsp;<\/p>\n<p>&nbsp;<\/p>\n<p>&nbsp;<\/p>\n<p>Au sujet des chemins Communaux, je me permets d\u2019alerter les agriculteurs, ces chemins qui sont votre outil de travail, la Commune a pour mission de les entretenir. Aura-t-elle toujours les finances pour le faire\u00a0?<\/p>\n<p>Les mat\u00e9riels sont toujours plus gros, plus lourds sur des chemins qui \u00e0 l\u2019origine ne sont pas pr\u00e9vus pour de telles charges.<\/p>\n<p>&nbsp;<\/p>\n<p>La d\u00e9cision \u00e9conomique de la sucrerie T\u00e9r\u00e9os d\u2019allonger la campagne de r\u00e9ception des betteraves va poser de gros probl\u00e8mes pour l\u2019avenir sur nos chemins communaux.<\/p>\n<p>T\u00e9r\u00e9os est-il pr\u00eat \u00e0 participer aux frais qu\u2019engendrent les d\u00e9gradations\u00a0? Ils seront interrog\u00e9s sur le sujet prochainement\u00a0!<\/p>\n<p>&nbsp;<\/p>\n<p>En ce qui vous concerne, les amas de terre laiss\u00e9s lors de l\u2019enl\u00e8vement de vos betteraves, contribuent \u00e0 relever les accotements, en un mot la route ne doit pas servir de foss\u00e9\u00a0! Et l\u2019eau doit s\u2019\u00e9goutter dans les parcelles.<\/p>\n<p>&nbsp;<\/p>\n<p>Je compte sur vous pour op\u00e9rer \u00e0 ce d\u00e9caissement le long de vos parcelles.<\/p>\n<p>&nbsp;<\/p>\n<p>Ayons le bon sens Paysans, il y va de votre int\u00e9r\u00eat pour l\u2019avenir\u00a0!<\/p>\n<p>&nbsp;<\/p>\n<p>&nbsp;<\/p>\n<p>&nbsp;<\/p>\n<p>&nbsp;<\/p>\n<p>&nbsp;<\/p>\n<p>Concernant la journ\u00e9e du 17 mars 2018 au sujet du nettoyage de la Commune, j\u2019invite tous les amoureux de la nature, chasseurs, p\u00eacheurs, \u00e0 se joindre \u00e0 nous pour cette belle op\u00e9ration.<\/p>\n<p>&nbsp;<\/p>\n<p>&nbsp;<\/p>\n<p>&nbsp;<\/p>\n<p>&nbsp;<\/p>\n<p>&nbsp;<\/p>\n<p>&nbsp;<\/p>\n<p>Le Maire,<\/p>\n<p>Pascal Pocholle<\/p>\n","protected":false},"excerpt":{"rendered":"<p>R\u00e9union du Conseil Municipal Vendredi 16 et 23 f\u00e9vrier \u00a02018 \u00e0 19 h 30 \u00a0 \u00a0 \u00a0\u00a0\u00a0\u00a0\u00a0\u00a0\u00a0\u00a0 L\u2019an deux mille dix-huit, le seize f\u00e9vrier \u00e0 19h30 le Conseil Municipal s\u2019est r\u00e9uni au lieu ordinaire de ses s\u00e9ances, \u00e0 la Mairie, sous la pr\u00e9sidence de Monsieur Pascal POCHOLLE, Maire, en suite&#8230;<\/p>\n","protected":false},"author":1,"featured_media":0,"comment_status":"open","ping_status":"open","sticky":false,"template":"","format":"standard","meta":[],"categories":[6],"tags":[],"_links":{"self":[{"href":"http:\/\/marenla.fr\/index.php\/wp-json\/wp\/v2\/posts\/603"}],"collection":[{"href":"http:\/\/marenla.fr\/index.php\/wp-json\/wp\/v2\/posts"}],"about":[{"href":"http:\/\/marenla.fr\/index.php\/wp-json\/wp\/v2\/types\/post"}],"author":[{"embeddable":true,"href":"http:\/\/marenla.fr\/index.php\/wp-json\/wp\/v2\/users\/1"}],"replies":[{"embeddable":true,"href":"http:\/\/marenla.fr\/index.php\/wp-json\/wp\/v2\/comments?post=603"}],"version-history":[{"count":1,"href":"http:\/\/marenla.fr\/index.php\/wp-json\/wp\/v2\/posts\/603\/revisions"}],"predecessor-version":[{"id":604,"href":"http:\/\/marenla.fr\/index.php\/wp-json\/wp\/v2\/posts\/603\/revisions\/604"}],"wp:attachment":[{"href":"http:\/\/marenla.fr\/index.php\/wp-json\/wp\/v2\/media?parent=603"}],"wp:term":[{"taxonomy":"category","embeddable":true,"href":"http:\/\/marenla.fr\/index.php\/wp-json\/wp\/v2\/categories?post=603"},{"taxonomy":"post_tag","embeddable":true,"href":"http:\/\/marenla.fr\/index.php\/wp-json\/wp\/v2\/tags?post=603"}],"curies":[{"name":"wp","href":"https:\/\/api.w.org\/{rel}","templated":true}]}}