{"id":394,"date":"2018-01-23T10:31:18","date_gmt":"2018-01-23T09:31:18","guid":{"rendered":"http:\/\/marenla.fr\/?p=394"},"modified":"2018-01-23T10:31:18","modified_gmt":"2018-01-23T09:31:18","slug":"bulletin-n20","status":"publish","type":"post","link":"http:\/\/marenla.fr\/index.php\/2018\/01\/23\/bulletin-n20\/","title":{"rendered":"BULLETIN N\u00b020"},"content":{"rendered":"<p><strong><u>REUNION DU CONSEIL MUNICIPAL<\/u><\/strong><\/p>\n<p>(Convocation en date du 04 avril 2016)<\/p>\n<p><strong><u>Vendredi 08 Avril 2016 (20H00)<\/u><\/strong><\/p>\n<p>L\u2019an deux mille seize, le huit avril \u00e0 20 heures, le Conseil Municipal s\u2019est r\u00e9uni au lieu ordinaire de ses s\u00e9ances, \u00e0 la Mairie, sous la pr\u00e9sidence de Monsieur Pascal POCHOLLE, Maire, en suite de convocations en date du 05.04.2016, dont un exemplaire a \u00e9t\u00e9 affich\u00e9.\u00a0\u00a0\u00a0\u00a0\u00a0\u00a0\u00a0\u00a0\u00a0\u00a0\u00a0\u00a0\u00a0\u00a0\u00a0\u00a0\u00a0\u00a0\u00a0\u00a0\u00a0\u00a0\u00a0\u00a0\u00a0\u00a0\u00a0\u00a0\u00a0\u00a0\u00a0\u00a0\u00a0\u00a0\u00a0\u00a0\u00a0\u00a0\u00a0\u00a0\u00a0\u00a0\u00a0\u00a0\u00a0\u00a0\u00a0\u00a0\u00a0\u00a0\u00a0\u00a0\u00a0\u00a0\u00a0\u00a0\u00a0\u00a0\u00a0\u00a0\u00a0\u00a0\u00a0\u00a0\u00a0\u00a0\u00a0\u00a0\u00a0\u00a0\u00a0\u00a0\u00a0\u00a0\u00a0\u00a0\u00a0\u00a0\u00a0\u00a0\u00a0\u00a0\u00a0\u00a0\u00a0\u00a0\u00a0\u00a0\u00a0\u00a0\u00a0\u00a0\u00a0\u00a0\u00a0\u00a0\u00a0\u00a0\u00a0\u00a0\u00a0\u00a0\u00a0\u00a0\u00a0\u00a0\u00a0\u00a0\u00a0\u00a0\u00a0\u00a0\u00a0\u00a0\u00a0\u00a0\u00a0\u00a0\u00a0\u00a0\u00a0\u00a0\u00a0\u00a0\u00a0\u00a0\u00a0\u00a0\u00a0\u00a0\u00a0\u00a0\u00a0\u00a0\u00a0\u00a0 Etaient pr\u00e9sents, tous les membres en exercice, \u00e0 l\u2019exception de Monsieur Jos\u00e9 MENUGE, absent excus\u00e9.\u00a0\u00a0\u00a0\u00a0\u00a0\u00a0\u00a0\u00a0\u00a0 Perrine FRISTOT est \u00e9lue secr\u00e9taire de s\u00e9ance.\u00a0\u00a0\u00a0\u00a0\u00a0\u00a0\u00a0\u00a0\u00a0\u00a0\u00a0\u00a0\u00a0\u00a0\u00a0\u00a0\u00a0\u00a0\u00a0\u00a0\u00a0\u00a0\u00a0\u00a0\u00a0\u00a0\u00a0\u00a0\u00a0\u00a0\u00a0\u00a0\u00a0\u00a0\u00a0\u00a0\u00a0\u00a0\u00a0\u00a0\u00a0\u00a0\u00a0\u00a0\u00a0\u00a0\u00a0\u00a0\u00a0\u00a0\u00a0\u00a0\u00a0\u00a0\u00a0\u00a0\u00a0\u00a0\u00a0\u00a0\u00a0\u00a0\u00a0\u00a0\u00a0\u00a0\u00a0\u00a0\u00a0\u00a0\u00a0\u00a0\u00a0\u00a0\u00a0\u00a0\u00a0\u00a0\u00a0\u00a0\u00a0\u00a0\u00a0\u00a0\u00a0\u00a0\u00a0\u00a0\u00a0\u00a0\u00a0\u00a0\u00a0\u00a0\u00a0\u00a0\u00a0\u00a0\u00a0\u00a0\u00a0\u00a0\u00a0\u00a0\u00a0\u00a0\u00a0\u00a0\u00a0\u00a0\u00a0\u00a0\u00a0\u00a0\u00a0\u00a0\u00a0\u00a0\u00a0\u00a0\u00a0\u00a0\u00a0\u00a0\u00a0\u00a0\u00a0\u00a0\u00a0\u00a0\u00a0\u00a0\u00a0\u00a0 La s\u00e9ance ouverte, Monsieur Le Maire donne lecture de PV de la derni\u00e8re r\u00e9union, et donne un rappel des faits et proc\u00e9dures en cours, avant de passer \u00e0 l\u2019ordre du jour.<\/p>\n<p>&nbsp;<\/p>\n<p>Etaient pr\u00e9sents tous les Conseillers Municipaux en exercice \u00e0 l\u2019exception de M.MENUGE Jos\u00e9, absent excus\u00e9<\/p>\n<p>Secr\u00e9taire\u00a0: Mme FRISTOT Perrine<\/p>\n<p><u>\u00a0<\/u><\/p>\n<ul>\n<li><u>Remplacement de l\u2019agent technique <\/u> \u00a0\u00a0\u00a0\u00a0\u00a0\u00a0\u00a0\u00a0\u00a0Monsieur Le Maire rappelle \u00e0 l\u2019assembl\u00e9e que suite au d\u00e9part en retraite de Monsieur Dominique MERLIN, agent technique, il faut palier \u00e0 son remplacement. Monsieur Jean-Pierre DUBOIS, agent technique de la commune de Brimeux est candidat.\u00a0\u00a0\u00a0\u00a0\u00a0\u00a0\u00a0\u00a0\u00a0\u00a0\u00a0\u00a0\u00a0\u00a0\u00a0\u00a0\u00a0\u00a0\u00a0\u00a0\u00a0\u00a0\u00a0\u00a0\u00a0\u00a0\u00a0\u00a0\u00a0\u00a0\u00a0\u00a0\u00a0\u00a0\u00a0\u00a0\u00a0\u00a0\u00a0\u00a0\u00a0\u00a0\u00a0\u00a0\u00a0\u00a0\u00a0\u00a0\u00a0\u00a0\u00a0\u00a0\u00a0\u00a0\u00a0\u00a0\u00a0\u00a0\u00a0\u00a0\u00a0\u00a0\u00a0\u00a0\u00a0\u00a0\u00a0\u00a0\u00a0\u00a0\u00a0\u00a0\u00a0\u00a0\u00a0\u00a0\u00a0\u00a0\u00a0\u00a0\u00a0\u00a0\u00a0\u00a0\u00a0\u00a0\u00a0\u00a0\u00a0\u00a0\u00a0\u00a0\u00a0\u00a0\u00a0\u00a0\u00a0\u00a0\u00a0\u00a0\u00a0\u00a0\u00a0\u00a0\u00a0\u00a0\u00a0\u00a0\u00a0\u00a0\u00a0\u00a0\u00a0\u00a0\u00a0\u00a0\u00a0\u00a0\u00a0\u00a0\u00a0\u00a0\u00a0\u00a0\u00a0\u00a0\u00a0\u00a0\u00a0\u00a0\u00a0\u00a0\u00a0\u00a0\u00a0\u00a0\u00a0 Apr\u00e8s en avoir d\u00e9lib\u00e9r\u00e9, le Conseil Municipal d\u00e9cide, \u00e0 l\u2019unanimit\u00e9, d\u2019engager Monsieur Jean-Pierre DUBOIS, qui effectuera 17H par semaine.<\/li>\n<\/ul>\n<p><u>\u00a0<\/u><\/p>\n<ul>\n<li><u>Maintien de la Sous-Pr\u00e9fecture de Montreuil-Sur-Mer <\/u> \u00a0\u00a0\u00a0\u00a0\u00a0\u00a0\u00a0\u00a0\u00a0\u00a0Monsieur Le Maire donne lecture \u00e0 l\u2019assembl\u00e9e du courrier de Monsieur Le D\u00e9put\u00e9 Daniel FASQUELLE, concernant la menace de fermeture de la Sous-Pr\u00e9fecture de Montreuil-Sur-Mer. Il en appelle aux communes de l\u2019arrondissement de Montreuil-Sur-Mer afin qu\u2019elles lui apportent leur soutien.\u00a0\u00a0\u00a0\u00a0\u00a0\u00a0\u00a0\u00a0\u00a0\u00a0\u00a0\u00a0\u00a0\u00a0\u00a0\u00a0\u00a0\u00a0\u00a0\u00a0\u00a0 Apr\u00e8s en avoir d\u00e9lib\u00e9r\u00e9, le Conseil Municipal d\u00e9cide, \u00e0 l\u2019unanimit\u00e9 de voter une motion favorable au maintien de la Sous-Pr\u00e9fecture de Montreuil-Sur-Mer.<\/li>\n<\/ul>\n<p><u>\u00a0<\/u><\/p>\n<ul>\n<li><u>Modifications statuts Communaut\u00e9 de Communes<\/u> \u00a0\u00a0\u00a0\u00a0\u00a0\u00a0\u00a0\u00a0\u00a0Monsieur Le Maire informe l\u2019assembl\u00e9e que, le 8 mars 2015, le Conseil de la Communaut\u00e9 des 7 Vall\u00e9es a d\u00e9cid\u00e9 d\u2019inscrire dans les comp\u00e9tences de la Communaut\u00e9 de Communes la cr\u00e9ation, le d\u00e9veloppement et le suivi d\u2019actions pour la petite enfance\u00a0: multi-accueil, micro-cr\u00e8che.<\/li>\n<\/ul>\n<p>Apr\u00e8s en avoir d\u00e9lib\u00e9r\u00e9, le Conseil Municipal d\u00e9cide, \u00e0 l\u2019unanimit\u00e9, d\u2019approuver cette extension de comp\u00e9tences de la Communaut\u00e9 de Communes\u00a0 des\u00a0 Vall\u00e9es et la modification des statuts qui en r\u00e9sulte.<\/p>\n<p>&nbsp;<\/p>\n<ul>\n<li><u>Eclairage public<\/u><\/li>\n<\/ul>\n<p>Monsieur Le Maire informe l\u2019assembl\u00e9e qu\u2019il a re\u00e7u un compl\u00e9ment d\u2019informations concernant le prix des lampadaires de couleur\u00a0: un suppl\u00e9ment de 30\u20ac par pi\u00e8ce est demand\u00e9.<\/p>\n<p>Apr\u00e8s en avoir d\u00e9lib\u00e9r\u00e9, le Conseil Municipal d\u00e9cide, \u00e0 raison de 9 voix \u00ab\u00a0contre\u00a0\u00bb et 1 abstention, de ne pas choisir des lampadaires de couleur.<\/p>\n<p>&nbsp;<\/p>\n<ul>\n<li><u>Lave-vaisselle<\/u><\/li>\n<\/ul>\n<p>Monsieur Le Maire informe l\u2019assembl\u00e9e que suite aux interventions sans succ\u00e8s pour r\u00e9parer le lave-vaisselle de la commune, il est n\u00e9cessaire d\u2019en acheter un neuf. Un devis a \u00e9t\u00e9 demand\u00e9 aupr\u00e8s de la soci\u00e9t\u00e9 HENRI JULIEN de B\u00e9thune, il s\u2019\u00e9l\u00e8ve \u00e0 2457.48\u20ac TTC.<\/p>\n<p>Apr\u00e8s en avoir d\u00e9lib\u00e9r\u00e9, le Conseil Municipal d\u00e9cide, \u00e0 l\u2019unanimit\u00e9 de changer le lave-vaisselle et charge Monsieur Le Maire de signer le devis de la soci\u00e9t\u00e9 HENRI JULIEN.<\/p>\n<p>&nbsp;<\/p>\n<ul>\n<li><u>Goudronnage \u00ab\u00a0Rue du Bas\u00a0\u00bb<\/u><\/li>\n<\/ul>\n<p>Monsieur Le Maire propose au Conseil Municipal de goudronner la \u00ab\u00a0Rue du Bas\u00a0\u00bb.<\/p>\n<p>Apr\u00e8s en avoir d\u00e9lib\u00e9r\u00e9, le Conseil Municipal accepte, \u00e0 l\u2019unanimit\u00e9, la proposition de Monsieur Le Maire, et le charge de demander des devis aupr\u00e8s de plusieurs entreprises.<\/p>\n<p>&nbsp;<\/p>\n<ul>\n<li><u>Approbation du Compte Administratif 2015<\/u><\/li>\n<\/ul>\n<p><u>\u00a0<\/u><\/p>\n<table>\n<tbody>\n<tr>\n<td width=\"139\"><\/td>\n<td width=\"187\">Recettes<\/td>\n<td width=\"167\">D\u00e9penses<\/td>\n<td width=\"171\">Cl\u00f4ture 2015<\/td>\n<\/tr>\n<tr>\n<td width=\"139\">INVESTISSEMENT<\/td>\n<td width=\"187\">41\u00a0219.67 \u20ac<\/td>\n<td width=\"167\">57\u00a0482.57 \u20ac<\/td>\n<td width=\"171\">-16\u00a0262.90 \u20ac<\/td>\n<\/tr>\n<tr>\n<td width=\"139\">FONCTIONNEMENT<\/td>\n<td width=\"187\">217\u00a0679.33 \u20ac<\/td>\n<td width=\"167\">130\u00a0119.58 \u20ac<\/td>\n<td width=\"171\">+87\u00a0559.75 \u20ac<\/td>\n<\/tr>\n<\/tbody>\n<\/table>\n<p>Apr\u00e8s avoir pr\u00e9sent\u00e9 le Compte Administratif de l\u2019ann\u00e9e 2015, Monsieur Le Maire est sorti et a laiss\u00e9 la Pr\u00e9sidence \u00e0 Monsieur Ren\u00e9 BARRAS afin que le Conseil d\u00e9lib\u00e8re sur le CA2015.<\/p>\n<p>Apr\u00e8s avoir d\u00e9lib\u00e9r\u00e9, le Conseil Municipal d\u00e9cide, \u00e0 raison de 8 voix \u00ab\u00a0pour\u00a0\u00bb et 1 abstention, d\u2019approuver le Compte Administratif de l\u2019ann\u00e9e 2015.<\/p>\n<p>&nbsp;<\/p>\n<ul>\n<li><u>Vote du Budget Primitif 2016<\/u><\/li>\n<\/ul>\n<p>Monsieur Le Maire rappelle au Conseil Municipal qu\u2019en vue du vote du budget, il est n\u00e9cessaire de d\u00e9lib\u00e9rer sur les taux d\u2019imposition de l\u2019ann\u00e9e 2016.<\/p>\n<p>Apr\u00e8s en avoir d\u00e9lib\u00e9r\u00e9, le Conseil Municipal d\u00e9cide, \u00e0 l\u2019unanimit\u00e9, de garder les m\u00eames taux d\u2019imposition que pour l\u2019ann\u00e9e 2015, \u00e0 savoir\u00a0:<\/p>\n<ul>\n<li>Taxe d\u2019habitation\u00a0: 77 %<\/li>\n<li>Taxe fonci\u00e8re (b\u00e2ti)\u00a0: 14.45 %<\/li>\n<li>Taxe fonci\u00e8re (non-b\u00e2ti)\u00a0: 42.63 %<\/li>\n<\/ul>\n<p><u>Budget Primitif 2016\u00a0:<\/u><\/p>\n<table>\n<tbody>\n<tr>\n<td width=\"293\"><\/td>\n<td width=\"180\">Recettes<\/td>\n<td width=\"190\">D\u00e9penses<\/td>\n<\/tr>\n<tr>\n<td width=\"293\">INVESTISSEMENT<\/td>\n<td width=\"180\">127\u00a0522 \u20ac<\/td>\n<td width=\"190\">127\u00a0522 \u20ac<\/td>\n<\/tr>\n<tr>\n<td width=\"293\">FONCTIONNEMENT<\/td>\n<td width=\"180\">207\u00a0185.85 \u20ac<\/td>\n<td width=\"190\">207\u00a0185.85 \u20ac<\/td>\n<\/tr>\n<\/tbody>\n<\/table>\n<p>Apr\u00e8s avoir pr\u00e9sent\u00e9 le Budget Primitif pour l\u2019ann\u00e9e 2016 au Conseil Municipal, Monsieur Le Maire propose de passer au vote.\u00a0\u00a0\u00a0\u00a0\u00a0\u00a0\u00a0\u00a0\u00a0\u00a0\u00a0\u00a0\u00a0\u00a0\u00a0\u00a0\u00a0\u00a0\u00a0\u00a0\u00a0\u00a0\u00a0\u00a0\u00a0\u00a0\u00a0\u00a0\u00a0\u00a0\u00a0\u00a0\u00a0\u00a0\u00a0\u00a0\u00a0\u00a0\u00a0\u00a0\u00a0\u00a0\u00a0\u00a0\u00a0\u00a0\u00a0\u00a0\u00a0\u00a0\u00a0\u00a0\u00a0\u00a0\u00a0\u00a0\u00a0\u00a0\u00a0\u00a0\u00a0\u00a0\u00a0\u00a0\u00a0\u00a0\u00a0\u00a0\u00a0\u00a0\u00a0\u00a0\u00a0\u00a0\u00a0\u00a0\u00a0\u00a0\u00a0\u00a0\u00a0\u00a0\u00a0\u00a0\u00a0\u00a0\u00a0\u00a0\u00a0\u00a0\u00a0\u00a0\u00a0\u00a0\u00a0\u00a0\u00a0\u00a0\u00a0\u00a0\u00a0\u00a0\u00a0\u00a0\u00a0\u00a0\u00a0\u00a0\u00a0\u00a0\u00a0\u00a0\u00a0\u00a0\u00a0\u00a0\u00a0\u00a0\u00a0\u00a0\u00a0\u00a0\u00a0\u00a0\u00a0\u00a0\u00a0\u00a0\u00a0\u00a0\u00a0\u00a0\u00a0\u00a0\u00a0\u00a0\u00a0\u00a0\u00a0\u00a0\u00a0\u00a0\u00a0\u00a0\u00a0\u00a0\u00a0\u00a0\u00a0\u00a0\u00a0\u00a0\u00a0\u00a0\u00a0\u00a0\u00a0\u00a0\u00a0\u00a0\u00a0\u00a0\u00a0\u00a0\u00a0\u00a0\u00a0\u00a0\u00a0\u00a0\u00a0\u00a0 Apr\u00e8s en avoir d\u00e9lib\u00e9r\u00e9, le Conseil Municipal d\u00e9cide, \u00e0 raison de 8 voix \u00ab\u00a0pour\u00a0\u00bb et 2 abstentions, d\u2019adopter le Budget Primitif 2016.<\/p>\n<ul>\n<li><u>Divers<\/u><\/li>\n<\/ul>\n<p>Radars p\u00e9dagogiques\u00a0: Monsieur Le Maire informe l\u2019assembl\u00e9e que suite au d\u00e9p\u00f4t de plainte pour le vol des plaques photovolta\u00efques des radars p\u00e9dagogiques, l\u2019assurance ne prend pas en charge les frais.<\/p>\n<p>Balayage des caniveaux\u00a0: Monsieur Le Maire informe l\u2019assembl\u00e9e que les caniveaux seront balay\u00e9s deux fois par an, pour un co\u00fbt de 35 \u20ac par km.<\/p>\n<p>Accompagnateur bus\u00a0: Monsieur Le Maire informe l\u2019assembl\u00e9e qu\u2019il est n\u00e9cessaire de d\u00e9signer un suppl\u00e9ant \u00e0 Madame Myriam REYNAT pour l\u2019accompagnement des \u00e9l\u00e8ves dans le bus de transport scolaire, en cas d\u2019absence. Monsieur Jean-Claude HANDOUCHE est d\u00e9sign\u00e9 suppl\u00e9ant.<\/p>\n<p>&nbsp;<\/p>\n<p><strong><u>INFORMATIONS\u00a0:<\/u><\/strong><\/p>\n<p>Comme chaque ann\u00e9e, la course cycliste \u00ab\u00a0La Cantonale\u00a0\u00bb passera par la commune de Marenla le jeudi\u00a0 05 Mai 2016, la circulation sera restreinte de 13H30 \u00e0 15H00. La couse s\u2019effectuera dans le sens du But de Marles vers Beaurainville.<\/p>\n<p>La commune sera travers\u00e9e (D113) les jeudi 9 et samedi 11 juin dans la matin\u00e9e, \u00e0 vitesse mod\u00e9r\u00e9e, par les v\u00e9hicules d\u2019\u00e9poque du MG Club de France, dans le cadre de la randonn\u00e9e \u00ab\u00a0Les Monts des Flandres\u00a0\u00bb.<\/p>\n<p>Le Compte Administratif 2015 et le Budget Primitif 2016 sont consultables en mairie.<\/p>\n<p>&nbsp;<\/p>\n","protected":false},"excerpt":{"rendered":"<p>REUNION DU CONSEIL MUNICIPAL (Convocation en date du 04 avril 2016) Vendredi 08 Avril 2016 (20H00) L\u2019an deux mille seize, le huit avril \u00e0 20 heures, le Conseil Municipal s\u2019est r\u00e9uni au lieu ordinaire de ses s\u00e9ances, \u00e0 la Mairie, sous la pr\u00e9sidence de Monsieur Pascal POCHOLLE, Maire, en suite&#8230;<\/p>\n","protected":false},"author":1,"featured_media":0,"comment_status":"open","ping_status":"open","sticky":false,"template":"","format":"standard","meta":[],"categories":[6],"tags":[],"_links":{"self":[{"href":"http:\/\/marenla.fr\/index.php\/wp-json\/wp\/v2\/posts\/394"}],"collection":[{"href":"http:\/\/marenla.fr\/index.php\/wp-json\/wp\/v2\/posts"}],"about":[{"href":"http:\/\/marenla.fr\/index.php\/wp-json\/wp\/v2\/types\/post"}],"author":[{"embeddable":true,"href":"http:\/\/marenla.fr\/index.php\/wp-json\/wp\/v2\/users\/1"}],"replies":[{"embeddable":true,"href":"http:\/\/marenla.fr\/index.php\/wp-json\/wp\/v2\/comments?post=394"}],"version-history":[{"count":1,"href":"http:\/\/marenla.fr\/index.php\/wp-json\/wp\/v2\/posts\/394\/revisions"}],"predecessor-version":[{"id":395,"href":"http:\/\/marenla.fr\/index.php\/wp-json\/wp\/v2\/posts\/394\/revisions\/395"}],"wp:attachment":[{"href":"http:\/\/marenla.fr\/index.php\/wp-json\/wp\/v2\/media?parent=394"}],"wp:term":[{"taxonomy":"category","embeddable":true,"href":"http:\/\/marenla.fr\/index.php\/wp-json\/wp\/v2\/categories?post=394"},{"taxonomy":"post_tag","embeddable":true,"href":"http:\/\/marenla.fr\/index.php\/wp-json\/wp\/v2\/tags?post=394"}],"curies":[{"name":"wp","href":"https:\/\/api.w.org\/{rel}","templated":true}]}}