{"id":244,"date":"2017-12-12T12:50:19","date_gmt":"2017-12-12T11:50:19","guid":{"rendered":"http:\/\/marenla.fr\/?p=244"},"modified":"2017-12-12T13:05:55","modified_gmt":"2017-12-12T12:05:55","slug":"les-fouilles-archeologiques-dans-la-commune","status":"publish","type":"post","link":"http:\/\/marenla.fr\/index.php\/2017\/12\/12\/les-fouilles-archeologiques-dans-la-commune\/","title":{"rendered":"les fouilles arch\u00e9ologiques dans la Commune"},"content":{"rendered":"<p><span style=\"color: black; font-size: medium;\">\u00a0<\/span><\/p>\n<p class=\"paraphcitation\"><span style=\"color: black; font-size: medium;\">\u00a0\u00ab\u00a0Les arch\u00e9ologues n&rsquo;ont pas d\u00e9couvert de traces d&rsquo;existence humaine qui n&rsquo;aient connu de forme artistique. D\u00e8s l&rsquo;aube de l&rsquo;humanit\u00e9, nous avons re\u00e7u l&rsquo;art de mains que nous avons \u00e9t\u00e9 trop lents \u00e0 reconna\u00eetre. Et nous avons \u00e9t\u00e9 trop lents \u00e0 nous demander pourquoi avons-nous re\u00e7u ce don et qu&rsquo;allons-nous en faire ?\u00a0\u00bb<\/span><\/p>\n<p align=\"right\">Cri. Le discours du prix Nobel &#8211; Article publi\u00e9 dans la revue L&rsquo;EXPRESS, Paris, n\u00b0 1104, 4-11 septembre 1972, pages 66-73.(discours \u00e9crit mais non prononc\u00e9) &#8211; <span style=\"color: black; font-size: medium;\"><strong>Alexandre Soljenitsyne<\/strong><\/span><\/p>\n<p>\u00e0 t\u00e9l\u00e9charger un pdf sur les fouilles arch\u00e9ologiques r\u00e9alis\u00e9es \u00e0 1999 et 2000 au But de Marles<\/p>\n<p><a href=\"http:\/\/marenla.fr\/wp-content\/uploads\/2017\/12\/Piton-et-al.-20061.pdf\">Piton et al. 2006(1)<\/a><\/p>\n","protected":false},"excerpt":{"rendered":"<p>\u00a0 \u00a0\u00ab\u00a0Les arch\u00e9ologues n&rsquo;ont pas d\u00e9couvert de traces d&rsquo;existence humaine qui n&rsquo;aient connu de forme artistique. D\u00e8s l&rsquo;aube de l&rsquo;humanit\u00e9, nous avons re\u00e7u l&rsquo;art de mains que nous avons \u00e9t\u00e9 trop lents \u00e0 reconna\u00eetre. Et nous avons \u00e9t\u00e9 trop lents \u00e0 nous demander pourquoi avons-nous re\u00e7u ce don et qu&rsquo;allons-nous&#8230;<\/p>\n","protected":false},"author":1,"featured_media":0,"comment_status":"open","ping_status":"open","sticky":false,"template":"","format":"standard","meta":[],"categories":[11],"tags":[],"_links":{"self":[{"href":"http:\/\/marenla.fr\/index.php\/wp-json\/wp\/v2\/posts\/244"}],"collection":[{"href":"http:\/\/marenla.fr\/index.php\/wp-json\/wp\/v2\/posts"}],"about":[{"href":"http:\/\/marenla.fr\/index.php\/wp-json\/wp\/v2\/types\/post"}],"author":[{"embeddable":true,"href":"http:\/\/marenla.fr\/index.php\/wp-json\/wp\/v2\/users\/1"}],"replies":[{"embeddable":true,"href":"http:\/\/marenla.fr\/index.php\/wp-json\/wp\/v2\/comments?post=244"}],"version-history":[{"count":4,"href":"http:\/\/marenla.fr\/index.php\/wp-json\/wp\/v2\/posts\/244\/revisions"}],"predecessor-version":[{"id":248,"href":"http:\/\/marenla.fr\/index.php\/wp-json\/wp\/v2\/posts\/244\/revisions\/248"}],"wp:attachment":[{"href":"http:\/\/marenla.fr\/index.php\/wp-json\/wp\/v2\/media?parent=244"}],"wp:term":[{"taxonomy":"category","embeddable":true,"href":"http:\/\/marenla.fr\/index.php\/wp-json\/wp\/v2\/categories?post=244"},{"taxonomy":"post_tag","embeddable":true,"href":"http:\/\/marenla.fr\/index.php\/wp-json\/wp\/v2\/tags?post=244"}],"curies":[{"name":"wp","href":"https:\/\/api.w.org\/{rel}","templated":true}]}}